{"id":18,"date":"2017-12-05T15:24:38","date_gmt":"2017-12-05T15:24:38","guid":{"rendered":"http:\/\/www.sanchofock.de\/?p=18"},"modified":"2017-12-05T15:24:38","modified_gmt":"2017-12-05T15:24:38","slug":"wer-bin-ich","status":"publish","type":"post","link":"https:\/\/www.sanchofock.de\/?p=18","title":{"rendered":"Wer bin ich?"},"content":{"rendered":"<p><span style=\"color: #444444; line-height: 107%; font-family: 'Helvetica',sans-serif; font-size: 10.5pt;\">Seit nun weit mehr als 10 Jahren besch\u00e4ftige ich mich intensiv mit dem Thema IT Performance, Last- und Performancetest und Performanceoptimierung.<\/span><\/p>\n<p><span style=\"color: #444444; line-height: 107%; font-family: 'Helvetica',sans-serif; font-size: 10.5pt;\">Begonnen habe ich als Softwareentwickler und habe im Laufe der Jahre diverse Rollen und Aufgaben \u00fcbernommen, vom \u201eeinfachen Softwareentwickler mit Delphi, Java und .NET, als Teamlead\/Teilprojektleiter und als Architekt, bevor ich im letzten Jahr des letzten Jahrtausends das erste Mal auf \u201edie dunkle Seite der Macht\u201c gewechselt bin, wie ich gerne mit einem Zwinkern sage und mich mit der Softwarequalit\u00e4tssicherung besch\u00e4ftigt habe. <\/span><\/p>\n<p><span style=\"color: #444444; line-height: 107%; font-family: 'Helvetica',sans-serif; font-size: 10.5pt;\">Die \u201eSeiten\u201c habe ich danach noch \u00f6fter gewechselt und ich habe schnell die Erkenntnis gewonnen, dass mich auf beiden Seiten die Erfahrungen der jeweils anderen Seite besser machen.<\/span><\/p>\n<p><span style=\"color: #444444; line-height: 107%; font-family: 'Helvetica',sans-serif; font-size: 10.5pt;\">Das Thema mit der Performance hat mich das erste Mal gepackt, als ich mit einem kleinen Team eine serverseitige, plattformunabh\u00e4ngige Rendering Engine f\u00fcr beliebige Dokumente entwickelt habe. Hier galt es nicht nur die Performance nachzuweisen, sondern auch sie zu optimieren.<\/span><\/p>\n<p><span style=\"color: #444444; line-height: 107%; font-family: 'Helvetica',sans-serif; font-size: 10.5pt;\">Das Thema hat mich seither nicht losgelassen und so habe ich seither eine gro\u00dfe Anzahl von kleinen und auch sehr gro\u00dfen Projekten hierzu umgesetzt und mehreren Unternehmen geholfen ihr Qualit\u00e4tssicherung von nicht-funktionalen Anforderungen signifikant zu verbessern.<\/span><\/p>\n<p>&nbsp;<\/p>\n","protected":false},"excerpt":{"rendered":"<p>Seit nun weit mehr als 10 Jahren besch\u00e4ftige ich mich intensiv mit dem Thema IT Performance, Last- und Performancetest und Performanceoptimierung. Begonnen habe ich als Softwareentwickler und habe im Laufe der Jahre diverse Rollen und Aufgaben \u00fcbernommen, vom \u201eeinfachen Softwareentwickler mit Delphi, Java und .NET, als Teamlead\/Teilprojektleiter und als Architekt, bevor ich im letzten Jahr [&hellip;]<\/p>\n","protected":false},"author":2,"featured_media":0,"comment_status":"open","ping_status":"open","sticky":false,"template":"","format":"standard","meta":[],"categories":[3],"tags":[],"jetpack_featured_media_url":"","_links":{"self":[{"href":"https:\/\/www.sanchofock.de\/index.php?rest_route=\/wp\/v2\/posts\/18"}],"collection":[{"href":"https:\/\/www.sanchofock.de\/index.php?rest_route=\/wp\/v2\/posts"}],"about":[{"href":"https:\/\/www.sanchofock.de\/index.php?rest_route=\/wp\/v2\/types\/post"}],"author":[{"embeddable":true,"href":"https:\/\/www.sanchofock.de\/index.php?rest_route=\/wp\/v2\/users\/2"}],"replies":[{"embeddable":true,"href":"https:\/\/www.sanchofock.de\/index.php?rest_route=%2Fwp%2Fv2%2Fcomments&post=18"}],"version-history":[{"count":1,"href":"https:\/\/www.sanchofock.de\/index.php?rest_route=\/wp\/v2\/posts\/18\/revisions"}],"predecessor-version":[{"id":19,"href":"https:\/\/www.sanchofock.de\/index.php?rest_route=\/wp\/v2\/posts\/18\/revisions\/19"}],"wp:attachment":[{"href":"https:\/\/www.sanchofock.de\/index.php?rest_route=%2Fwp%2Fv2%2Fmedia&parent=18"}],"wp:term":[{"taxonomy":"category","embeddable":true,"href":"https:\/\/www.sanchofock.de\/index.php?rest_route=%2Fwp%2Fv2%2Fcategories&post=18"},{"taxonomy":"post_tag","embeddable":true,"href":"https:\/\/www.sanchofock.de\/index.php?rest_route=%2Fwp%2Fv2%2Ftags&post=18"}],"curies":[{"name":"wp","href":"https:\/\/api.w.org\/{rel}","templated":true}]}}